{"id":190,"date":"2009-02-18T23:55:23","date_gmt":"2009-02-18T22:55:23","guid":{"rendered":"http:\/\/www.steve-meier.de\/?p=190"},"modified":"2009-02-18T23:55:23","modified_gmt":"2009-02-18T22:55:23","slug":"paul-krugman-im-interview","status":"publish","type":"post","link":"https:\/\/www.steve-meier.de\/?p=190","title":{"rendered":"Paul Krugman im Interview"},"content":{"rendered":"<p>Ok, ich gebe zu, ich lese zu h\u00e4ufig <a href=\"http:\/\/blog.fefe.de\">Fefe&#8217;s Blog<\/a>, aber an der Wirtschaftskrise kann man ja mittlerweile einfach nicht mehr vorbei. Wer sich daf\u00fcr, und vor allem f\u00fcr die Hintergr\u00fcnde und Aussichten, interessiert, dem sei folgender Link an&#8217;s Herz gelegt:<\/p>\n<p><a href=\"http:\/\/verlorenegeneration.wordpress.com\/2009\/02\/16\/krugman-interview-40min\">40 Minuten Interview mit Paul Krugman<\/a><\/p>\n<p>Ich mu\u00df dazu sagen, ich bin kein Apokalyptiker. Ich glaube nicht, das wir in einem Jahr alle auf der Stra\u00dfe an brennenden M\u00fclltonnen stehen, um uns zu w\u00e4rmen, aber insgesamt ist es doch sehr interessant, was der Nobelpreistr\u00e4ger Krugman zu sagen hat. Kurz zusammengefasst: 2009 wird echt h\u00e4sslich, die USA sind auf dem Weg in eine jahrelange Krise und kurzfristig gibt es f\u00fcr alle nichts zu lachen.<\/p>\n","protected":false},"excerpt":{"rendered":"<p>Ok, ich gebe zu, ich lese zu h\u00e4ufig Fefe&#8217;s Blog, aber an der Wirtschaftskrise kann man ja mittlerweile einfach nicht mehr vorbei. Wer sich daf\u00fcr, und vor allem f\u00fcr die Hintergr\u00fcnde und Aussichten,&#8230;<\/p>\n","protected":false},"author":1,"featured_media":0,"comment_status":"open","ping_status":"open","sticky":false,"template":"","format":"standard","meta":{"footnotes":""},"categories":[1],"tags":[],"_links":{"self":[{"href":"https:\/\/www.steve-meier.de\/index.php?rest_route=\/wp\/v2\/posts\/190"}],"collection":[{"href":"https:\/\/www.steve-meier.de\/index.php?rest_route=\/wp\/v2\/posts"}],"about":[{"href":"https:\/\/www.steve-meier.de\/index.php?rest_route=\/wp\/v2\/types\/post"}],"author":[{"embeddable":true,"href":"https:\/\/www.steve-meier.de\/index.php?rest_route=\/wp\/v2\/users\/1"}],"replies":[{"embeddable":true,"href":"https:\/\/www.steve-meier.de\/index.php?rest_route=%2Fwp%2Fv2%2Fcomments&post=190"}],"version-history":[{"count":2,"href":"https:\/\/www.steve-meier.de\/index.php?rest_route=\/wp\/v2\/posts\/190\/revisions"}],"predecessor-version":[{"id":192,"href":"https:\/\/www.steve-meier.de\/index.php?rest_route=\/wp\/v2\/posts\/190\/revisions\/192"}],"wp:attachment":[{"href":"https:\/\/www.steve-meier.de\/index.php?rest_route=%2Fwp%2Fv2%2Fmedia&parent=190"}],"wp:term":[{"taxonomy":"category","embeddable":true,"href":"https:\/\/www.steve-meier.de\/index.php?rest_route=%2Fwp%2Fv2%2Fcategories&post=190"},{"taxonomy":"post_tag","embeddable":true,"href":"https:\/\/www.steve-meier.de\/index.php?rest_route=%2Fwp%2Fv2%2Ftags&post=190"}],"curies":[{"name":"wp","href":"https:\/\/api.w.org\/{rel}","templated":true}]}}